{"id":256,"date":"2025-08-19T06:56:31","date_gmt":"2025-08-19T04:56:31","guid":{"rendered":"https:\/\/sandsacksyndikat.de\/?p=256"},"modified":"2025-09-04T07:52:04","modified_gmt":"2025-09-04T05:52:04","slug":"krafttraining-mit-dem-sandsack","status":"publish","type":"post","link":"https:\/\/sandsacksyndikat.de\/en\/krafttraining-mit-dem-sandsack\/","title":{"rendered":"Krafttraining mit dem Sandsack"},"content":{"rendered":"<p>Gegen\u00fcber den allermeisten Trainingsger\u00e4ten bietet das Training mit dem Sandsack reihenweise praktische Vorteile. Mit diesen Vorteilen hat Krafttraining mit dem Sandsack das Potenzial, Kraftsport der breiten Masse zu er\u00f6ffnen. Das w\u00e4re ein unsch\u00e4tzbarer Beitrag zur Fitness und Gesundheit des gesamten Volkes. Denn Krafttraining tr\u00e4gt bei zur Gesundheit von K\u00f6rper, Geist und Seele \u2013 es macht also nicht nur k\u00f6rperlich st\u00e4rker, sondern pflegt unter anderem Metabolismus, Hormon- und Enzymsysteme, sch\u00fctzt vor neurodegenerativen Krankheiten wie Demenz und ist eins der st\u00e4rksten Mittel gegen Depressionen.<\/p>\n\n\n\n<iframe loading=\"lazy\" align=\"middle\" width=\"560\" height=\"315\" src=\"https:\/\/www.youtube-nocookie.com\/embed\/Xwp4rF3mCbc?si=xqqng6Fpjt5LMbBl\" title=\"YouTube video player\" frameborder=\"0\" allow=\"accelerometer; autoplay; clipboard-write; encrypted-media; gyroscope; picture-in-picture; web-share\" referrerpolicy=\"strict-origin-when-cross-origin\" allowfullscreen><\/iframe>\n\n\n\n<p>Das Training mit Sands\u00e4cken reizt mich seit vielen Jahren. Abgehalten hat mich davon der Umstand, dass die meisten Sandsack-Modelle sowohl st\u00e4ndig Sand verlieren als auch recht empfindlich sind, und man sie zum Beispiel schon per Herstellerangabe nicht aus Schulterh\u00f6he fallenlassen sollte. Da mir andere M\u00f6glichkeiten des Krafttrainings zur Verf\u00fcgung stehen, habe ich auf den Sandsack verzichtet.<\/p>\n\n\n\n<p>Bis ich per Empfehlung ein Sandsack-Modell gefunden habe, das sowohl extrem robust, als auch sanddicht ist. Das gab mir den endg\u00fcltigen Ausschlag, endlich in dieses einzigartige Training einzusteigen.<\/p>\n\n\n\n<p>Das Training mit Sands\u00e4cken bietet gegen\u00fcber dem Training mit Kurzhanteln und Langhanteln reihenweise Vorteile. Damit meine ich nicht, dass Hanteln schlechter w\u00e4ren \u2013 ich trainiere selbst auch weiter mit Hanteln. Sondern der Sandsack bietet unter anderem eine andere Herausforderung, die Hanteln nicht leisten k\u00f6nnen: Wahrhaft funktionales Training.<\/p>\n\n\n\n<h3 class=\"wp-block-heading\">Funktionales Training<\/h3>\n\n\n\n<p>Es gibt verschiedene Definitionen von funktionellem Training. Die meisten einigen sich darauf, dass funktionelles Training \u2013 im Gegensatz zu Isolations\u00fcbungen f\u00fcr zum Beispiel Armbeuger oder Beinbeuger \u2013 immer mehrere Muskeln, Muskelgruppen und Gelenke gleichzeitig anspricht und integriert. Das leisten klassische Kraft\u00fcbungen mit Hanteln wie Kreuzheben, Kniebeugen oder Bankdr\u00fccken. Der Vorteil solch funktionalen Trainings liege darin, dass es mit Blick auf den Alltag zweckm\u00e4\u00dfig ist \u2013 im Alltag bewegen wir f\u00fcr gew\u00f6hnlich keine isolierten Muskeln, sondern stets Muskelketten. Funktionales Training st\u00e4rkt Muskeln so, wie wir sie im Alltag nutzen.<\/p>\n\n\n\n<p>Allerdings bieten die allermeisten Herausforderungen des Alltags keine komfortabel und stabil montierte Stange, die sich stets gut greifen l\u00e4sst. Insofern darf man argumentieren, dass auch Hanteln vielleicht funktionales, aber kein realistisches oder alltagstaugliches Training erm\u00f6glichen. Kraft trainieren und verbessern kann man damit durchaus \u2013 doch die Anwendbarkeit im Alltag ist begrenzt. Streng k\u00f6nnte man formulieren, dass Training nur dann wirklich funktional ist, wenn es alle Details allt\u00e4glicher Herausforderungen abbildet. Also asymmetrische, unf\u00f6rmige und in sich bewegliche Objekte. Das erf\u00fcllen Hanteln nicht.<\/p>\n\n\n\n<h3 class=\"wp-block-heading\">Krafttraining mit dem Sandsack sprengt die Ketten des Hanteltrainings<\/h3>\n\n\n\n<p>Das Krafttraining mit dem Sandsack durchbricht diese Beschr\u00e4nkung. Ein guter Sandsack hat keine Griffe, sondern fordert mit einer sich st\u00e4ndig verformenden Oberfl\u00e4che permanent die Kraft des Trainierenden allein zum Festhalten des Sacks heraus. Wer einen Sandsack heben und tragen, stemmen und werfen kann, wird auch einen kranken Menschen tragen, einen schweren Stein aus dem Weg heben oder einen Baumstamm stemmen k\u00f6nnen.<\/p>\n\n\n\n<p>Krafttraining mit Hanteln habe ich viele Jahre betrieben. Damit war ich zufrieden. Allerdings hat mir immer ein Element gefehlt: Anwendbarkeit. Ja, ich bin f\u00fchlbar st\u00e4rker geworden, auch im Alltag. Aber das volle Potenzial dieser Kraft konnte ich nur mit einer Hantelstange voll aussch\u00f6pfen.<\/p>\n\n\n\n<p>Erst durch die Arbeit mit dem Sandsack sp\u00fcre ich, wie die gewonnene Kraft mir tats\u00e4chlich in jedem Aspekt meines Alltags dient. Das Sandsack-Training erzwingt die Arbeit am gesamten Bewegungsablauf. Flaschenh\u00e4lse werden bestraft. Wo man mit der Hantel tricksen kann, kennt der Sandsack keine Gnade.<\/p>\n\n\n\n<h3 class=\"wp-block-heading\">Bescheidenheit<\/h3>\n\n\n\n<p>Das Krafttraining mit einem <a href=\"https:\/\/sandsacksyndikat.de\/en\/product\/strongfit-sandsack\/\">Sandsack<\/a> sieht nicht spektakul\u00e4r aus. Das Teil gl\u00e4nzt nicht. Es ist nur Sand. Doch dieser Sand kann dich Demut lehren. Er eignet sich zum Aufbau von Kraft und Kondition.<\/p>\n\n\n\n<p>In den folgenden Wochen, Monaten und Jahren werde ich auf dieser Website \u00fcber die Besonderheiten und die vielen Vorteile des Trainings mit Sands\u00e4cken schreiben. Wenn du am Ball bleiben m\u00f6chtest, abonniere meinen kostenlosen <a href=\"https:\/\/sandsacksyndikat.de\/en\/newsletter\/\" data-type=\"page\" data-id=\"94\">Sandsack-Syndikat-Newsletter.<\/a><\/p>","protected":false},"excerpt":{"rendered":"<p>Gegen\u00fcber den allermeisten Trainingsger\u00e4ten bietet das Training mit dem Sandsack reihenweise praktische Vorteile. Mit diesen Vorteilen hat Krafttraining mit dem Sandsack das Potenzial, Kraftsport der breiten Masse zu er\u00f6ffnen. Das w\u00e4re ein unsch\u00e4tzbarer Beitrag zur Fitness und Gesundheit des gesamten Volkes. Denn Krafttraining tr\u00e4gt bei zur Gesundheit von K\u00f6rper, Geist und Seele.<\/p>","protected":false},"author":1,"featured_media":100,"comment_status":"open","ping_status":"open","sticky":false,"template":"","format":"standard","meta":{"inline_featured_image":false,"iawp_total_views":18,"footnotes":""},"categories":[1],"tags":[],"class_list":["post-256","post","type-post","status-publish","format-standard","has-post-thumbnail","hentry","category-training"],"blocksy_meta":[],"yoast_head":"<!-- This site is optimized with the Yoast SEO plugin v27.5 - https:\/\/yoast.com\/product\/yoast-seo-wordpress\/ -->\n<title>Krafttraining mit dem Sandsack - Sandsack Syndikat<\/title>\n<meta name=\"description\" content=\"Krafttraining mit dem Sandsack tr\u00e4gt bei zur Gesundheit von K\u00f6rper, Geist und Seele, darunter Metabolismus, Hormonsystem und Gehirn.\" \/>\n<meta name=\"robots\" content=\"index, follow, max-snippet:-1, max-image-preview:large, max-video-preview:-1\" \/>\n<link rel=\"canonical\" href=\"https:\/\/sandsacksyndikat.de\/en\/krafttraining-mit-dem-sandsack\/\" \/>\n<meta property=\"og:locale\" content=\"en_GB\" \/>\n<meta property=\"og:type\" content=\"article\" \/>\n<meta property=\"og:title\" content=\"Krafttraining mit dem Sandsack - Sandsack Syndikat\" \/>\n<meta property=\"og:description\" content=\"Krafttraining mit dem Sandsack tr\u00e4gt bei zur Gesundheit von K\u00f6rper, Geist und Seele, darunter Metabolismus, Hormonsystem und Gehirn.\" \/>\n<meta property=\"og:url\" content=\"https:\/\/sandsacksyndikat.de\/en\/krafttraining-mit-dem-sandsack\/\" \/>\n<meta property=\"og:site_name\" content=\"Sandsack Syndikat\" \/>\n<meta property=\"article:published_time\" content=\"2025-08-19T04:56:31+00:00\" \/>\n<meta property=\"article:modified_time\" content=\"2025-09-04T05:52:04+00:00\" \/>\n<meta property=\"og:image\" content=\"https:\/\/sandsacksyndikat.de\/wp-content\/uploads\/2025\/07\/Screenshot-2024-12-05-at-12-28-41-140lb-63kg-Sandbag-\u2013-StrongFit-Sandbags.png\" \/>\n\t<meta property=\"og:image:width\" content=\"925\" \/>\n\t<meta property=\"og:image:height\" content=\"925\" \/>\n\t<meta property=\"og:image:type\" content=\"image\/png\" \/>\n<meta name=\"author\" content=\"Felix\" \/>\n<meta name=\"twitter:card\" content=\"summary_large_image\" \/>\n<meta name=\"twitter:label1\" content=\"Written by\" \/>\n\t<meta name=\"twitter:data1\" content=\"Felix\" \/>\n\t<meta name=\"twitter:label2\" content=\"Estimated reading time\" \/>\n\t<meta name=\"twitter:data2\" content=\"4 minutes\" \/>\n<script type=\"application\/ld+json\" class=\"yoast-schema-graph\">{\"@context\":\"https:\\\/\\\/schema.org\",\"@graph\":[{\"@type\":\"Article\",\"@id\":\"https:\\\/\\\/sandsacksyndikat.de\\\/en\\\/krafttraining-mit-dem-sandsack\\\/#article\",\"isPartOf\":{\"@id\":\"https:\\\/\\\/sandsacksyndikat.de\\\/en\\\/krafttraining-mit-dem-sandsack\\\/\"},\"author\":{\"name\":\"Felix\",\"@id\":\"https:\\\/\\\/sandsacksyndikat.de\\\/en\\\/#\\\/schema\\\/person\\\/5066286a44cf0d8b2d049c9f43214710\"},\"headline\":\"Krafttraining mit dem Sandsack\",\"datePublished\":\"2025-08-19T04:56:31+00:00\",\"dateModified\":\"2025-09-04T05:52:04+00:00\",\"mainEntityOfPage\":{\"@id\":\"https:\\\/\\\/sandsacksyndikat.de\\\/en\\\/krafttraining-mit-dem-sandsack\\\/\"},\"wordCount\":656,\"commentCount\":0,\"publisher\":{\"@id\":\"https:\\\/\\\/sandsacksyndikat.de\\\/en\\\/#organization\"},\"image\":{\"@id\":\"https:\\\/\\\/sandsacksyndikat.de\\\/en\\\/krafttraining-mit-dem-sandsack\\\/#primaryimage\"},\"thumbnailUrl\":\"https:\\\/\\\/sandsacksyndikat.de\\\/wp-content\\\/uploads\\\/2025\\\/07\\\/Screenshot-2024-12-05-at-12-28-41-140lb-63kg-Sandbag-\u2013-StrongFit-Sandbags.png\",\"articleSection\":[\"Training\"],\"inLanguage\":\"en-GB\",\"potentialAction\":[{\"@type\":\"CommentAction\",\"name\":\"Comment\",\"target\":[\"https:\\\/\\\/sandsacksyndikat.de\\\/en\\\/krafttraining-mit-dem-sandsack\\\/#respond\"]}]},{\"@type\":\"WebPage\",\"@id\":\"https:\\\/\\\/sandsacksyndikat.de\\\/en\\\/krafttraining-mit-dem-sandsack\\\/\",\"url\":\"https:\\\/\\\/sandsacksyndikat.de\\\/en\\\/krafttraining-mit-dem-sandsack\\\/\",\"name\":\"Krafttraining mit dem Sandsack - Sandsack Syndikat\",\"isPartOf\":{\"@id\":\"https:\\\/\\\/sandsacksyndikat.de\\\/en\\\/#website\"},\"primaryImageOfPage\":{\"@id\":\"https:\\\/\\\/sandsacksyndikat.de\\\/en\\\/krafttraining-mit-dem-sandsack\\\/#primaryimage\"},\"image\":{\"@id\":\"https:\\\/\\\/sandsacksyndikat.de\\\/en\\\/krafttraining-mit-dem-sandsack\\\/#primaryimage\"},\"thumbnailUrl\":\"https:\\\/\\\/sandsacksyndikat.de\\\/wp-content\\\/uploads\\\/2025\\\/07\\\/Screenshot-2024-12-05-at-12-28-41-140lb-63kg-Sandbag-\u2013-StrongFit-Sandbags.png\",\"datePublished\":\"2025-08-19T04:56:31+00:00\",\"dateModified\":\"2025-09-04T05:52:04+00:00\",\"description\":\"Krafttraining mit dem Sandsack tr\u00e4gt bei zur Gesundheit von K\u00f6rper, Geist und Seele, darunter Metabolismus, Hormonsystem und Gehirn.\",\"breadcrumb\":{\"@id\":\"https:\\\/\\\/sandsacksyndikat.de\\\/en\\\/krafttraining-mit-dem-sandsack\\\/#breadcrumb\"},\"inLanguage\":\"en-GB\",\"potentialAction\":[{\"@type\":\"ReadAction\",\"target\":[\"https:\\\/\\\/sandsacksyndikat.de\\\/en\\\/krafttraining-mit-dem-sandsack\\\/\"]}]},{\"@type\":\"ImageObject\",\"inLanguage\":\"en-GB\",\"@id\":\"https:\\\/\\\/sandsacksyndikat.de\\\/en\\\/krafttraining-mit-dem-sandsack\\\/#primaryimage\",\"url\":\"https:\\\/\\\/sandsacksyndikat.de\\\/wp-content\\\/uploads\\\/2025\\\/07\\\/Screenshot-2024-12-05-at-12-28-41-140lb-63kg-Sandbag-\u2013-StrongFit-Sandbags.png\",\"contentUrl\":\"https:\\\/\\\/sandsacksyndikat.de\\\/wp-content\\\/uploads\\\/2025\\\/07\\\/Screenshot-2024-12-05-at-12-28-41-140lb-63kg-Sandbag-\u2013-StrongFit-Sandbags.png\",\"width\":925,\"height\":925,\"caption\":\"StrongFit Sandsack Zylinderform, grau (Trainings-Sandsack)\"},{\"@type\":\"BreadcrumbList\",\"@id\":\"https:\\\/\\\/sandsacksyndikat.de\\\/en\\\/krafttraining-mit-dem-sandsack\\\/#breadcrumb\",\"itemListElement\":[{\"@type\":\"ListItem\",\"position\":1,\"name\":\"Startseite\",\"item\":\"https:\\\/\\\/sandsacksyndikat.de\\\/en\\\/start-en\\\/\"},{\"@type\":\"ListItem\",\"position\":2,\"name\":\"Krafttraining mit dem Sandsack\"}]},{\"@type\":\"WebSite\",\"@id\":\"https:\\\/\\\/sandsacksyndikat.de\\\/en\\\/#website\",\"url\":\"https:\\\/\\\/sandsacksyndikat.de\\\/en\\\/\",\"name\":\"Sandsack-Syndikat\",\"description\":\"Ehrliches Training. Robustes Werkzeug.\",\"publisher\":{\"@id\":\"https:\\\/\\\/sandsacksyndikat.de\\\/en\\\/#organization\"},\"potentialAction\":[{\"@type\":\"SearchAction\",\"target\":{\"@type\":\"EntryPoint\",\"urlTemplate\":\"https:\\\/\\\/sandsacksyndikat.de\\\/en\\\/?s={search_term_string}\"},\"query-input\":{\"@type\":\"PropertyValueSpecification\",\"valueRequired\":true,\"valueName\":\"search_term_string\"}}],\"inLanguage\":\"en-GB\"},{\"@type\":\"Organization\",\"@id\":\"https:\\\/\\\/sandsacksyndikat.de\\\/en\\\/#organization\",\"name\":\"Sandsack-Syndikat\",\"url\":\"https:\\\/\\\/sandsacksyndikat.de\\\/en\\\/\",\"logo\":{\"@type\":\"ImageObject\",\"inLanguage\":\"en-GB\",\"@id\":\"https:\\\/\\\/sandsacksyndikat.de\\\/en\\\/#\\\/schema\\\/logo\\\/image\\\/\",\"url\":\"https:\\\/\\\/sandsacksyndikat.de\\\/wp-content\\\/uploads\\\/2025\\\/08\\\/SandsackSyndikatrim.svg\",\"contentUrl\":\"https:\\\/\\\/sandsacksyndikat.de\\\/wp-content\\\/uploads\\\/2025\\\/08\\\/SandsackSyndikatrim.svg\",\"width\":100,\"height\":100,\"caption\":\"Sandsack-Syndikat\"},\"image\":{\"@id\":\"https:\\\/\\\/sandsacksyndikat.de\\\/en\\\/#\\\/schema\\\/logo\\\/image\\\/\"},\"sameAs\":[\"https:\\\/\\\/youtube.com\\\/@sandsacksyndikat\",\"https:\\\/\\\/instagram.com\\\/sandsacksyndikat\"]},{\"@type\":\"Person\",\"@id\":\"https:\\\/\\\/sandsacksyndikat.de\\\/en\\\/#\\\/schema\\\/person\\\/5066286a44cf0d8b2d049c9f43214710\",\"name\":\"Felix\",\"image\":{\"@type\":\"ImageObject\",\"inLanguage\":\"en-GB\",\"@id\":\"https:\\\/\\\/sandsacksyndikat.de\\\/wp-content\\\/uploads\\\/2025\\\/10\\\/felixolschewski-orange-voronoi.jpg\",\"url\":\"https:\\\/\\\/sandsacksyndikat.de\\\/wp-content\\\/uploads\\\/2025\\\/10\\\/felixolschewski-orange-voronoi.jpg\",\"contentUrl\":\"https:\\\/\\\/sandsacksyndikat.de\\\/wp-content\\\/uploads\\\/2025\\\/10\\\/felixolschewski-orange-voronoi.jpg\",\"caption\":\"Felix\"},\"sameAs\":[\"https:\\\/\\\/sandsacksyndikat.de\"],\"url\":\"https:\\\/\\\/sandsacksyndikat.de\\\/en\\\/author\\\/felix\\\/\"}]}<\/script>\n<!-- \/ Yoast SEO plugin. -->","yoast_head_json":{"title":"Krafttraining mit dem Sandsack - Sandsack Syndikat","description":"Krafttraining mit dem Sandsack tr\u00e4gt bei zur Gesundheit von K\u00f6rper, Geist und Seele, darunter Metabolismus, Hormonsystem und Gehirn.","robots":{"index":"index","follow":"follow","max-snippet":"max-snippet:-1","max-image-preview":"max-image-preview:large","max-video-preview":"max-video-preview:-1"},"canonical":"https:\/\/sandsacksyndikat.de\/en\/krafttraining-mit-dem-sandsack\/","og_locale":"en_GB","og_type":"article","og_title":"Krafttraining mit dem Sandsack - Sandsack Syndikat","og_description":"Krafttraining mit dem Sandsack tr\u00e4gt bei zur Gesundheit von K\u00f6rper, Geist und Seele, darunter Metabolismus, Hormonsystem und Gehirn.","og_url":"https:\/\/sandsacksyndikat.de\/en\/krafttraining-mit-dem-sandsack\/","og_site_name":"Sandsack Syndikat","article_published_time":"2025-08-19T04:56:31+00:00","article_modified_time":"2025-09-04T05:52:04+00:00","og_image":[{"width":925,"height":925,"url":"https:\/\/sandsacksyndikat.de\/wp-content\/uploads\/2025\/07\/Screenshot-2024-12-05-at-12-28-41-140lb-63kg-Sandbag-\u2013-StrongFit-Sandbags.png","type":"image\/png"}],"author":"Felix","twitter_card":"summary_large_image","twitter_misc":{"Written by":"Felix","Estimated reading time":"4 minutes"},"schema":{"@context":"https:\/\/schema.org","@graph":[{"@type":"Article","@id":"https:\/\/sandsacksyndikat.de\/en\/krafttraining-mit-dem-sandsack\/#article","isPartOf":{"@id":"https:\/\/sandsacksyndikat.de\/en\/krafttraining-mit-dem-sandsack\/"},"author":{"name":"Felix","@id":"https:\/\/sandsacksyndikat.de\/en\/#\/schema\/person\/5066286a44cf0d8b2d049c9f43214710"},"headline":"Krafttraining mit dem Sandsack","datePublished":"2025-08-19T04:56:31+00:00","dateModified":"2025-09-04T05:52:04+00:00","mainEntityOfPage":{"@id":"https:\/\/sandsacksyndikat.de\/en\/krafttraining-mit-dem-sandsack\/"},"wordCount":656,"commentCount":0,"publisher":{"@id":"https:\/\/sandsacksyndikat.de\/en\/#organization"},"image":{"@id":"https:\/\/sandsacksyndikat.de\/en\/krafttraining-mit-dem-sandsack\/#primaryimage"},"thumbnailUrl":"https:\/\/sandsacksyndikat.de\/wp-content\/uploads\/2025\/07\/Screenshot-2024-12-05-at-12-28-41-140lb-63kg-Sandbag-\u2013-StrongFit-Sandbags.png","articleSection":["Training"],"inLanguage":"en-GB","potentialAction":[{"@type":"CommentAction","name":"Comment","target":["https:\/\/sandsacksyndikat.de\/en\/krafttraining-mit-dem-sandsack\/#respond"]}]},{"@type":"WebPage","@id":"https:\/\/sandsacksyndikat.de\/en\/krafttraining-mit-dem-sandsack\/","url":"https:\/\/sandsacksyndikat.de\/en\/krafttraining-mit-dem-sandsack\/","name":"Krafttraining mit dem Sandsack - Sandsack Syndikat","isPartOf":{"@id":"https:\/\/sandsacksyndikat.de\/en\/#website"},"primaryImageOfPage":{"@id":"https:\/\/sandsacksyndikat.de\/en\/krafttraining-mit-dem-sandsack\/#primaryimage"},"image":{"@id":"https:\/\/sandsacksyndikat.de\/en\/krafttraining-mit-dem-sandsack\/#primaryimage"},"thumbnailUrl":"https:\/\/sandsacksyndikat.de\/wp-content\/uploads\/2025\/07\/Screenshot-2024-12-05-at-12-28-41-140lb-63kg-Sandbag-\u2013-StrongFit-Sandbags.png","datePublished":"2025-08-19T04:56:31+00:00","dateModified":"2025-09-04T05:52:04+00:00","description":"Krafttraining mit dem Sandsack tr\u00e4gt bei zur Gesundheit von K\u00f6rper, Geist und Seele, darunter Metabolismus, Hormonsystem und Gehirn.","breadcrumb":{"@id":"https:\/\/sandsacksyndikat.de\/en\/krafttraining-mit-dem-sandsack\/#breadcrumb"},"inLanguage":"en-GB","potentialAction":[{"@type":"ReadAction","target":["https:\/\/sandsacksyndikat.de\/en\/krafttraining-mit-dem-sandsack\/"]}]},{"@type":"ImageObject","inLanguage":"en-GB","@id":"https:\/\/sandsacksyndikat.de\/en\/krafttraining-mit-dem-sandsack\/#primaryimage","url":"https:\/\/sandsacksyndikat.de\/wp-content\/uploads\/2025\/07\/Screenshot-2024-12-05-at-12-28-41-140lb-63kg-Sandbag-\u2013-StrongFit-Sandbags.png","contentUrl":"https:\/\/sandsacksyndikat.de\/wp-content\/uploads\/2025\/07\/Screenshot-2024-12-05-at-12-28-41-140lb-63kg-Sandbag-\u2013-StrongFit-Sandbags.png","width":925,"height":925,"caption":"StrongFit Sandsack Zylinderform, grau (Trainings-Sandsack)"},{"@type":"BreadcrumbList","@id":"https:\/\/sandsacksyndikat.de\/en\/krafttraining-mit-dem-sandsack\/#breadcrumb","itemListElement":[{"@type":"ListItem","position":1,"name":"Startseite","item":"https:\/\/sandsacksyndikat.de\/en\/start-en\/"},{"@type":"ListItem","position":2,"name":"Krafttraining mit dem Sandsack"}]},{"@type":"WebSite","@id":"https:\/\/sandsacksyndikat.de\/en\/#website","url":"https:\/\/sandsacksyndikat.de\/en\/","name":"Sandsack-Syndikat","description":"Ehrliches Training. Robustes Werkzeug.","publisher":{"@id":"https:\/\/sandsacksyndikat.de\/en\/#organization"},"potentialAction":[{"@type":"SearchAction","target":{"@type":"EntryPoint","urlTemplate":"https:\/\/sandsacksyndikat.de\/en\/?s={search_term_string}"},"query-input":{"@type":"PropertyValueSpecification","valueRequired":true,"valueName":"search_term_string"}}],"inLanguage":"en-GB"},{"@type":"Organization","@id":"https:\/\/sandsacksyndikat.de\/en\/#organization","name":"Sandsack-Syndikat","url":"https:\/\/sandsacksyndikat.de\/en\/","logo":{"@type":"ImageObject","inLanguage":"en-GB","@id":"https:\/\/sandsacksyndikat.de\/en\/#\/schema\/logo\/image\/","url":"https:\/\/sandsacksyndikat.de\/wp-content\/uploads\/2025\/08\/SandsackSyndikatrim.svg","contentUrl":"https:\/\/sandsacksyndikat.de\/wp-content\/uploads\/2025\/08\/SandsackSyndikatrim.svg","width":100,"height":100,"caption":"Sandsack-Syndikat"},"image":{"@id":"https:\/\/sandsacksyndikat.de\/en\/#\/schema\/logo\/image\/"},"sameAs":["https:\/\/youtube.com\/@sandsacksyndikat","https:\/\/instagram.com\/sandsacksyndikat"]},{"@type":"Person","@id":"https:\/\/sandsacksyndikat.de\/en\/#\/schema\/person\/5066286a44cf0d8b2d049c9f43214710","name":"Felix","image":{"@type":"ImageObject","inLanguage":"en-GB","@id":"https:\/\/sandsacksyndikat.de\/wp-content\/uploads\/2025\/10\/felixolschewski-orange-voronoi.jpg","url":"https:\/\/sandsacksyndikat.de\/wp-content\/uploads\/2025\/10\/felixolschewski-orange-voronoi.jpg","contentUrl":"https:\/\/sandsacksyndikat.de\/wp-content\/uploads\/2025\/10\/felixolschewski-orange-voronoi.jpg","caption":"Felix"},"sameAs":["https:\/\/sandsacksyndikat.de"],"url":"https:\/\/sandsacksyndikat.de\/en\/author\/felix\/"}]}},"_links":{"self":[{"href":"https:\/\/sandsacksyndikat.de\/en\/wp-json\/wp\/v2\/posts\/256","targetHints":{"allow":["GET"]}}],"collection":[{"href":"https:\/\/sandsacksyndikat.de\/en\/wp-json\/wp\/v2\/posts"}],"about":[{"href":"https:\/\/sandsacksyndikat.de\/en\/wp-json\/wp\/v2\/types\/post"}],"author":[{"embeddable":true,"href":"https:\/\/sandsacksyndikat.de\/en\/wp-json\/wp\/v2\/users\/1"}],"replies":[{"embeddable":true,"href":"https:\/\/sandsacksyndikat.de\/en\/wp-json\/wp\/v2\/comments?post=256"}],"version-history":[{"count":5,"href":"https:\/\/sandsacksyndikat.de\/en\/wp-json\/wp\/v2\/posts\/256\/revisions"}],"predecessor-version":[{"id":307,"href":"https:\/\/sandsacksyndikat.de\/en\/wp-json\/wp\/v2\/posts\/256\/revisions\/307"}],"wp:featuredmedia":[{"embeddable":true,"href":"https:\/\/sandsacksyndikat.de\/en\/wp-json\/wp\/v2\/media\/100"}],"wp:attachment":[{"href":"https:\/\/sandsacksyndikat.de\/en\/wp-json\/wp\/v2\/media?parent=256"}],"wp:term":[{"taxonomy":"category","embeddable":true,"href":"https:\/\/sandsacksyndikat.de\/en\/wp-json\/wp\/v2\/categories?post=256"},{"taxonomy":"post_tag","embeddable":true,"href":"https:\/\/sandsacksyndikat.de\/en\/wp-json\/wp\/v2\/tags?post=256"}],"curies":[{"name":"wp","href":"https:\/\/api.w.org\/{rel}","templated":true}]}}